{"id":777,"date":"2022-12-28T12:56:19","date_gmt":"2022-12-28T11:56:19","guid":{"rendered":"https:\/\/www.radiodelta.rs\/?p=777"},"modified":"2022-12-28T12:56:19","modified_gmt":"2022-12-28T11:56:19","slug":"privremena-izmena-zbog-odrzavanja-manifestacije-u-petrovaradinu","status":"publish","type":"post","link":"https:\/\/www.radiodelta.rs\/?p=777","title":{"rendered":"Privremena izmena zbog odr\u017eavanja manifestacije u Petrovaradinu"},"content":{"rendered":"<div class=\"pr-4\">\n<p><strong>Od 29. 12. 2022. godine do 02. 01. 2023.godine<\/strong>\u00a0privremeno \u0107e biti izmenjene trase autobuskih linija broj 3, 3A, 9, 9A, 60, 61, 62, 63, 64 i 69 zbog zatvaranja Beogradske ulice i dela Preradovi\u0107eve ulice u Petrovaradinu. Zbog odr\u017eavanja manifestacije \u201eTesla \u2013 svetlosna galerija\u201c, autobuski saobra\u0107aj odvija\u0107e se na slede\u0107i na\u010din:<\/p>\n<p><strong>LINIJE BROJ 3, 3A, 9, 9A, 60, 61, 62, 63 i 64<\/strong><\/p>\n<p>Smer iz Novog Sada<br \/>\nNakon Varadinskog mosta autobusi \u0107e skretati desno na Kameni\u010dki put, desno na Kej skojevaca, desno Reljkovi\u0107evom ulicom saobra\u0107ati do Preradovi\u0107eve ulice i dalje nastavljati redovnim trasama kretanja.<br \/>\nNA IZMENJENOM DELU TRASE KORISTI\u0106E SE IZGRA\u0110ENO STAJALI\u0160TE POSLE SILASKA SA VARADINSKOG MOSTA, TE PRIVREMENA STAJALI\u0160TA U RELJKOVI\u0106EVOJ ULICI (ISPRED KBR. 42A) I PRERADOVI\u0106EVOJ ULICI (NASPRAM KBR. 47).<\/p>\n<p>Smer iz Petrovaradina<br \/>\nOd raskrsnice ulica Preradovi\u0107eve i Reljkovi\u0107eve autobusi \u0107e saobra\u0107ati Reljkovi\u0107evom ulicom, levo Ulicom Kej skojevaca i nastavljati dalje preko Varadinskog mosta i redovnim trasama kretanja.<br \/>\nNA IZMENJENOM DELU TRASE KORISTI\u0106E SE PRIVREMENO STAJALI\u0160TE U RELJKOVI\u0106EVOJ ISPRED KBR. 39 I PRIVREMENO STAJALI\u0160TE NA KEJU SKOJEVACA (NEPOSREDNO PRE UKLJU\u010cENJA NA VARADINSKI MOST).<\/p>\n<p><strong>LINIJA BROJ 69<\/strong><\/p>\n<p>Smer iz Novog Sada<br \/>\nNakon Varadinskog mosta autobusi \u0107e skretati desno na Kameni\u010dki put, desno na Kej skojevaca, desno Reljkovi\u0107evom ulicom saobra\u0107ati do Preradovi\u0107eve ulice, skretati desno u Preradovi\u0107evu ulicu, levo u Ulicu Dunavske divizije i dalje nastavljati redovnom trasom kretanja.<br \/>\nNA IZMENJENOM DELU TRASE KORISTI\u0106E SE IZGRA\u0110ENO STAJALI\u0160TE POSLE SILASKA SA VARADINSKOG MOSTA, PRIVREMENO STAJALI\u0160TE U RELJKOVI\u0106EVOJ (ISPRED KBR.42A) I PRIVREMENO STAJALI\u0160TE DUNAVSKE DIVIZIJE \/PRERADOVI\u0106EVA.<\/p>\n<p>Smer sa \u010cardaka<br \/>\nOd raskrsnice ulica Dunavske divizije i Preradovi\u0107eve autobusi \u0107e skretati desno u Preradovi\u0107evu ulicu, levo u Reljkovi\u0107evu ulicu, zatim levo Kejom skojevaca i nastavljati preko Varadinskog mosta i redovnim trasama kretanja.<br \/>\nNA IZMENJENOM DELU TRASE KORISTI\u0106E SE PRIVREMENA STAJALI\u0160TA U ULICI DUNAVSKE DIVIZIJE-PRERADOVI\u0106EVA, U RELJKOVI\u0106EVOJ (ISPRED KBR. 39) I NA KEJU SKOJEVACA-NEPOSREDNO PRE UKLJU\u010cENJA NA VARADINSKI MOST.<\/p>\n<\/div>\n","protected":false},"excerpt":{"rendered":"<p>Od 29. 12. 2022. godine do 02. 01. 2023.godine\u00a0privremeno \u0107e biti izmenjene trase autobuskih linija broj 3, 3A, 9, 9A, 60, 61, 62, 63, 64 i 69 zbog zatvaranja Beogradske ulice i dela Preradovi\u0107eve ulice u Petrovaradinu. Zbog odr\u017eavanja manifestacije \u201eTesla \u2013 svetlosna galerija\u201c, autobuski saobra\u0107aj odvija\u0107e se na slede\u0107i na\u010din: LINIJE BROJ 3, 3A, [&hellip;]<\/p>\n","protected":false},"author":2,"featured_media":357,"comment_status":"open","ping_status":"open","sticky":false,"template":"","format":"standard","meta":{"footnotes":""},"categories":[1],"tags":[],"class_list":["post-777","post","type-post","status-publish","format-standard","has-post-thumbnail","hentry","category-info"],"acf":[],"_links":{"self":[{"href":"https:\/\/www.radiodelta.rs\/index.php?rest_route=\/wp\/v2\/posts\/777","targetHints":{"allow":["GET"]}}],"collection":[{"href":"https:\/\/www.radiodelta.rs\/index.php?rest_route=\/wp\/v2\/posts"}],"about":[{"href":"https:\/\/www.radiodelta.rs\/index.php?rest_route=\/wp\/v2\/types\/post"}],"author":[{"embeddable":true,"href":"https:\/\/www.radiodelta.rs\/index.php?rest_route=\/wp\/v2\/users\/2"}],"replies":[{"embeddable":true,"href":"https:\/\/www.radiodelta.rs\/index.php?rest_route=%2Fwp%2Fv2%2Fcomments&post=777"}],"version-history":[{"count":1,"href":"https:\/\/www.radiodelta.rs\/index.php?rest_route=\/wp\/v2\/posts\/777\/revisions"}],"predecessor-version":[{"id":778,"href":"https:\/\/www.radiodelta.rs\/index.php?rest_route=\/wp\/v2\/posts\/777\/revisions\/778"}],"wp:featuredmedia":[{"embeddable":true,"href":"https:\/\/www.radiodelta.rs\/index.php?rest_route=\/wp\/v2\/media\/357"}],"wp:attachment":[{"href":"https:\/\/www.radiodelta.rs\/index.php?rest_route=%2Fwp%2Fv2%2Fmedia&parent=777"}],"wp:term":[{"taxonomy":"category","embeddable":true,"href":"https:\/\/www.radiodelta.rs\/index.php?rest_route=%2Fwp%2Fv2%2Fcategories&post=777"},{"taxonomy":"post_tag","embeddable":true,"href":"https:\/\/www.radiodelta.rs\/index.php?rest_route=%2Fwp%2Fv2%2Ftags&post=777"}],"curies":[{"name":"wp","href":"https:\/\/api.w.org\/{rel}","templated":true}]}}