{"id":721,"date":"2022-11-24T12:05:08","date_gmt":"2022-11-24T11:05:08","guid":{"rendered":"https:\/\/www.radiodelta.rs\/?p=721"},"modified":"2022-11-24T12:05:08","modified_gmt":"2022-11-24T11:05:08","slug":"radovi-na-odrzavanju-saobracajnica","status":"publish","type":"post","link":"https:\/\/www.radiodelta.rs\/?p=721","title":{"rendered":"Radovi na odr\u017eavanju saobra\u0107ajnica"},"content":{"rendered":"<p>Radovi na popravci kolovoza izvode se intenzivnom dinamikom kako bi se, pred zimski period i dok to dozvoljavaju vremenski uslovi, saniralo \u0161to vi\u0161e saobra\u0107ajnica na teritoriji Grada Novog Sada.<\/p>\n<p>&nbsp;<\/p>\n<p>U toku su radovi na poslednjoj deonici Futo\u0161ke ulici, predvi\u0111enoj za ovu godinu, od Bulevara Evrope do Hajduk Veljkove ulice. Saobra\u0107aj se odvija dvosmerno, na suprotnoj kolovoznoj traci.<\/p>\n<p>&nbsp;<\/p>\n<p>Radovi se izvode i u Ulici Radomira Ra\u0161e Radujkova, na kolovoznoj traci u smeru od Bulevara Evrope ka Bulevaru Slobodana Jovanovi\u0107a. Za saobra\u0107aj je prohodna kolovozna traka u suprotnom smeru.<\/p>\n<p>&nbsp;<\/p>\n<p>U Ulici Petefi \u0160andora danas se zavr\u0161avaju radovi na asfaltiranju dela ulice od Senteleki Kornela do Feje\u0161 Klare i izvode se pripremni radovi na slede\u0107oj deonici \u2013 od Feje\u0161 Klare do Jo\u017eef Atile.<\/p>\n<p>&nbsp;<\/p>\n<p>Radovi na obnovi kolovozne konstrukcije uslovili su obustavu saobra\u0107aja na Puta doktora Goldmana u Sremskoj Kamenici, od semafora do pred Novosadsku ulicu. Na ovoj deonici u toku su radovi na obele\u017eavanju horizontalne signalizacije, nakon \u010dega \u0107e se pristupiti sanaciji tre\u0107e etape, od Novosadske ulice do kru\u017enog toka. Dok traju radovi, za pristup Institutu gra\u0111ani treba da koriste pravac iz centra Sremske Kamenice, kroz \u017delezni\u010dku ulicu.<\/p>\n<p>&nbsp;<\/p>\n<p>U Sremskoj Kamenici izvode se i radovi na popravci kolovoza u Ulici Marka Ore\u0161kovi\u0107a.<\/p>\n<p>&nbsp;<\/p>\n<p>Podse\u0107amo da je na snazi obustava saobra\u0107aja i u delu Ulice Kraljevi\u0107a Marka (od Bulevara Ja\u0161e Tomi\u0107a do Ulice Berislava Beri\u0107a), kao i u delu Partizanske ulice (od Rumena\u010dke do Industrijske).<\/p>\n","protected":false},"excerpt":{"rendered":"<p>Radovi na popravci kolovoza izvode se intenzivnom dinamikom kako bi se, pred zimski period i dok to dozvoljavaju vremenski uslovi, saniralo \u0161to vi\u0161e saobra\u0107ajnica na teritoriji Grada Novog Sada. &nbsp; U toku su radovi na poslednjoj deonici Futo\u0161ke ulici, predvi\u0111enoj za ovu godinu, od Bulevara Evrope do Hajduk Veljkove ulice. Saobra\u0107aj se odvija dvosmerno, na [&hellip;]<\/p>\n","protected":false},"author":2,"featured_media":722,"comment_status":"open","ping_status":"open","sticky":false,"template":"","format":"standard","meta":{"footnotes":""},"categories":[1],"tags":[],"class_list":["post-721","post","type-post","status-publish","format-standard","has-post-thumbnail","hentry","category-info"],"acf":[],"_links":{"self":[{"href":"https:\/\/www.radiodelta.rs\/index.php?rest_route=\/wp\/v2\/posts\/721","targetHints":{"allow":["GET"]}}],"collection":[{"href":"https:\/\/www.radiodelta.rs\/index.php?rest_route=\/wp\/v2\/posts"}],"about":[{"href":"https:\/\/www.radiodelta.rs\/index.php?rest_route=\/wp\/v2\/types\/post"}],"author":[{"embeddable":true,"href":"https:\/\/www.radiodelta.rs\/index.php?rest_route=\/wp\/v2\/users\/2"}],"replies":[{"embeddable":true,"href":"https:\/\/www.radiodelta.rs\/index.php?rest_route=%2Fwp%2Fv2%2Fcomments&post=721"}],"version-history":[{"count":1,"href":"https:\/\/www.radiodelta.rs\/index.php?rest_route=\/wp\/v2\/posts\/721\/revisions"}],"predecessor-version":[{"id":723,"href":"https:\/\/www.radiodelta.rs\/index.php?rest_route=\/wp\/v2\/posts\/721\/revisions\/723"}],"wp:featuredmedia":[{"embeddable":true,"href":"https:\/\/www.radiodelta.rs\/index.php?rest_route=\/wp\/v2\/media\/722"}],"wp:attachment":[{"href":"https:\/\/www.radiodelta.rs\/index.php?rest_route=%2Fwp%2Fv2%2Fmedia&parent=721"}],"wp:term":[{"taxonomy":"category","embeddable":true,"href":"https:\/\/www.radiodelta.rs\/index.php?rest_route=%2Fwp%2Fv2%2Fcategories&post=721"},{"taxonomy":"post_tag","embeddable":true,"href":"https:\/\/www.radiodelta.rs\/index.php?rest_route=%2Fwp%2Fv2%2Ftags&post=721"}],"curies":[{"name":"wp","href":"https:\/\/api.w.org\/{rel}","templated":true}]}}