{"id":556,"date":"2022-09-12T10:45:20","date_gmt":"2022-09-12T08:45:20","guid":{"rendered":"https:\/\/www.radiodelta.rs\/?p=556"},"modified":"2022-09-12T10:45:20","modified_gmt":"2022-09-12T08:45:20","slug":"danas-pocinje-izgradnja-vrelovodnog-prikljucka-na-uglu-strazilovske-ulice-i-maksima-gorkog","status":"publish","type":"post","link":"https:\/\/www.radiodelta.rs\/?p=556","title":{"rendered":"Danas po\u010dinje  izgradnja vrelovodnog priklju\u010dka na uglu Stra\u017eilovske ulice i Maksima Gorkog."},"content":{"rendered":"<p>Javno komunalno preduze\u0107e \u201eNovosadska toplana\u201c Novi Sad u utorak, 13. septembra 2022. godine, po\u010dinje radove na izgradnji vrelovodnog priklju\u010dka za objekat na uglu Stra\u017eilovske ulice i Maksima Gorkog.<\/p>\n<p>&nbsp;<\/p>\n<p>Zbog pomenutih radova, prema Re\u0161enju Gradske uprave za saobra\u0107aj i puteve, odre\u0111uje se privremena izmena re\u017eima saobra\u0107aja u zoni radova.<\/p>\n<p>&nbsp;<\/p>\n<p>Za vreme trajanja radova privremeno se zauzima krajnja desna saobra\u0107ajna traka u Stra\u017eilovskoj ulici, u zoni raskrsnice sa Ulicom Maksima Gorkog.<\/p>\n<p>Privremena izmena re\u017eima saobra\u0107aja \u0107e trajati do 26. septembra 2022. godine.<\/p>\n","protected":false},"excerpt":{"rendered":"<p>Javno komunalno preduze\u0107e \u201eNovosadska toplana\u201c Novi Sad u utorak, 13. septembra 2022. godine, po\u010dinje radove na izgradnji vrelovodnog priklju\u010dka za objekat na uglu Stra\u017eilovske ulice i Maksima Gorkog. &nbsp; Zbog pomenutih radova, prema Re\u0161enju Gradske uprave za saobra\u0107aj i puteve, odre\u0111uje se privremena izmena re\u017eima saobra\u0107aja u zoni radova. &nbsp; Za vreme trajanja radova privremeno [&hellip;]<\/p>\n","protected":false},"author":2,"featured_media":364,"comment_status":"open","ping_status":"open","sticky":false,"template":"","format":"standard","meta":{"footnotes":""},"categories":[1],"tags":[],"class_list":["post-556","post","type-post","status-publish","format-standard","has-post-thumbnail","hentry","category-info"],"acf":[],"_links":{"self":[{"href":"https:\/\/www.radiodelta.rs\/index.php?rest_route=\/wp\/v2\/posts\/556","targetHints":{"allow":["GET"]}}],"collection":[{"href":"https:\/\/www.radiodelta.rs\/index.php?rest_route=\/wp\/v2\/posts"}],"about":[{"href":"https:\/\/www.radiodelta.rs\/index.php?rest_route=\/wp\/v2\/types\/post"}],"author":[{"embeddable":true,"href":"https:\/\/www.radiodelta.rs\/index.php?rest_route=\/wp\/v2\/users\/2"}],"replies":[{"embeddable":true,"href":"https:\/\/www.radiodelta.rs\/index.php?rest_route=%2Fwp%2Fv2%2Fcomments&post=556"}],"version-history":[{"count":1,"href":"https:\/\/www.radiodelta.rs\/index.php?rest_route=\/wp\/v2\/posts\/556\/revisions"}],"predecessor-version":[{"id":557,"href":"https:\/\/www.radiodelta.rs\/index.php?rest_route=\/wp\/v2\/posts\/556\/revisions\/557"}],"wp:featuredmedia":[{"embeddable":true,"href":"https:\/\/www.radiodelta.rs\/index.php?rest_route=\/wp\/v2\/media\/364"}],"wp:attachment":[{"href":"https:\/\/www.radiodelta.rs\/index.php?rest_route=%2Fwp%2Fv2%2Fmedia&parent=556"}],"wp:term":[{"taxonomy":"category","embeddable":true,"href":"https:\/\/www.radiodelta.rs\/index.php?rest_route=%2Fwp%2Fv2%2Fcategories&post=556"},{"taxonomy":"post_tag","embeddable":true,"href":"https:\/\/www.radiodelta.rs\/index.php?rest_route=%2Fwp%2Fv2%2Ftags&post=556"}],"curies":[{"name":"wp","href":"https:\/\/api.w.org\/{rel}","templated":true}]}}